{"id":2528,"date":"2025-06-04T16:46:42","date_gmt":"2025-06-04T19:46:42","guid":{"rendered":"https:\/\/www.dbvb.utalca.cl\/dbvb\/?p=2528"},"modified":"2025-06-10T16:54:36","modified_gmt":"2025-06-10T19:54:36","slug":"jornada-dia-del-medio-ambiente-mini-presentaciones-de-estudios-ecologicos-con-enfasis-en-el-medio-ambiente","status":"publish","type":"post","link":"https:\/\/www.dbvb.utalca.cl\/dbvb\/?p=2528","title":{"rendered":"Jornada \u201cD\u00cdA DEL MEDIO AMBIENTE: Mini &#8211; presentaciones de estudios ecol\u00f3gicos con \u00e9nfasis en el medio ambiente\u201d"},"content":{"rendered":"<div class=\"xdj266r x14z9mp xat24cr x1lziwak x1vvkbs x126k92a\">\n<div dir=\"auto\">Les invitamos a participar de la Jornada \u201cD\u00cdA DEL MEDIO AMBIENTE: Mini &#8211; presentaciones de estudios ecol\u00f3gicos con \u00e9nfasis en el medio ambiente\u201d, en el marco del Ciclo de Seminarios del a\u00f1o acad\u00e9mico 2025 del Doctorado en Ciencias menci\u00f3n Biolog\u00eda Vegetal y Biotecnolog\u00eda (DBVB).<\/div>\n<div dir=\"auto\"><\/div>\n<\/div>\n<div class=\"x14z9mp xat24cr x1lziwak x1vvkbs xtlvy1s x126k92a\">\n<div dir=\"auto\">Se dictar\u00e1n las charlas:<\/div>\n<\/div>\n<div class=\"x14z9mp xat24cr x1lziwak x1vvkbs xtlvy1s x126k92a\">\n<ul>\n<li dir=\"auto\">\u201cDescubriendo el medio ambiente de levaduras nativas de los Andes del sur de Chile\u201d &#8211; Dra. Frida Piper.<\/li>\n<\/ul>\n<\/div>\n<div class=\"x14z9mp xat24cr x1lziwak x1vvkbs xtlvy1s x126k92a\">\n<ul>\n<li dir=\"auto\">\u201cRespondiendo al medio ambiente a diferentes niveles de organizaci\u00f3n: casos de insecto y plantas\u201d &#8211; Dr. V\u00edctor Escobedo,<\/li>\n<\/ul>\n<\/div>\n<div class=\"x14z9mp xat24cr x1lziwak x1vvkbs xtlvy1s x126k92a\">\n<ul>\n<li dir=\"auto\">\u201cRespuestas de los \u00e1rboles a un medio ambiente cambiante: el caso de las con\u00edferas en \u00e1reas donde no son nativas\u201d &#8211; Dr. Alex Fajardo.<\/li>\n<\/ul>\n<\/div>\n<div class=\"x14z9mp xat24cr x1lziwak x1vvkbs xtlvy1s x126k92a\">\n<div dir=\"auto\"><\/div>\n<div dir=\"auto\">Esta actividad es organizada por el Magister en Ecolog\u00eda Aplicada y se realizar\u00e1 el jueves 5 de junio a las 12:00 horas en el Auditorio \u201cEnrique Gonz\u00e1lez Villanueva\u201d del Instituto de Ciencias Biol\u00f3gicas.<\/div>\n<\/div>\n<div class=\"x14z9mp xat24cr x1lziwak x1vvkbs xtlvy1s x126k92a\">\n<div dir=\"auto\"><\/div>\n<div dir=\"auto\"><\/div>\n<div dir=\"auto\">\u00a1Les esperamos!<\/div>\n<\/div>\n","protected":false},"excerpt":{"rendered":"<p>Les invitamos a participar de la Jornada \u201cD\u00cdA DEL MEDIO [&hellip;]<\/p>\n","protected":false},"author":4,"featured_media":2529,"comment_status":"open","ping_status":"open","sticky":false,"template":"","format":"standard","meta":[],"categories":[4],"tags":[],"_links":{"self":[{"href":"https:\/\/www.dbvb.utalca.cl\/dbvb\/index.php?rest_route=\/wp\/v2\/posts\/2528"}],"collection":[{"href":"https:\/\/www.dbvb.utalca.cl\/dbvb\/index.php?rest_route=\/wp\/v2\/posts"}],"about":[{"href":"https:\/\/www.dbvb.utalca.cl\/dbvb\/index.php?rest_route=\/wp\/v2\/types\/post"}],"author":[{"embeddable":true,"href":"https:\/\/www.dbvb.utalca.cl\/dbvb\/index.php?rest_route=\/wp\/v2\/users\/4"}],"replies":[{"embeddable":true,"href":"https:\/\/www.dbvb.utalca.cl\/dbvb\/index.php?rest_route=%2Fwp%2Fv2%2Fcomments&post=2528"}],"version-history":[{"count":4,"href":"https:\/\/www.dbvb.utalca.cl\/dbvb\/index.php?rest_route=\/wp\/v2\/posts\/2528\/revisions"}],"predecessor-version":[{"id":2537,"href":"https:\/\/www.dbvb.utalca.cl\/dbvb\/index.php?rest_route=\/wp\/v2\/posts\/2528\/revisions\/2537"}],"wp:featuredmedia":[{"embeddable":true,"href":"https:\/\/www.dbvb.utalca.cl\/dbvb\/index.php?rest_route=\/wp\/v2\/media\/2529"}],"wp:attachment":[{"href":"https:\/\/www.dbvb.utalca.cl\/dbvb\/index.php?rest_route=%2Fwp%2Fv2%2Fmedia&parent=2528"}],"wp:term":[{"taxonomy":"category","embeddable":true,"href":"https:\/\/www.dbvb.utalca.cl\/dbvb\/index.php?rest_route=%2Fwp%2Fv2%2Fcategories&post=2528"},{"taxonomy":"post_tag","embeddable":true,"href":"https:\/\/www.dbvb.utalca.cl\/dbvb\/index.php?rest_route=%2Fwp%2Fv2%2Ftags&post=2528"}],"curies":[{"name":"wp","href":"https:\/\/api.w.org\/{rel}","templated":true}]}}