{"id":2734,"date":"2026-01-28T10:24:39","date_gmt":"2026-01-28T13:24:39","guid":{"rendered":"https:\/\/www.dbvb.utalca.cl\/dbvb\/?p=2734"},"modified":"2026-01-28T10:24:39","modified_gmt":"2026-01-28T13:24:39","slug":"adjudicacion-proyectos-fondecyt-regular-2026","status":"publish","type":"post","link":"https:\/\/www.dbvb.utalca.cl\/dbvb\/?p=2734","title":{"rendered":"Adjudicaci\u00f3n Proyectos Fondecyt Regular 2026"},"content":{"rendered":"<div class=\"xdj266r x14z9mp xat24cr x1lziwak x1vvkbs x126k92a\">\n<div dir=\"auto\">Felicitamos y destacamos a los acad\u00e9micos del programa de Doctorado en Ciencias menci\u00f3n Biolog\u00eda Vegetal y Biotecnolog\u00eda, quienes se adjudicaron Proyectos Fondecyt Regular 2026.<\/div>\n<div dir=\"auto\"><\/div>\n<\/div>\n<div class=\"x14z9mp xat24cr x1lziwak x1vvkbs xtlvy1s x126k92a\">\n<div dir=\"auto\"><span class=\"html-span xexx8yu xyri2b x18d9i69 x1c1uobl x1hl2dhg x16tdsg8 x1vvkbs x3nfvp2 x1j61x8r x1fcty0u xdj266r xat24cr xm2jcoa x1mpyi22 xxymvpz xlup9mm x1kky2od\">&#8211; <\/span>Dr. Freddy Mora<\/div>\n<div dir=\"auto\"><span class=\"html-span xexx8yu xyri2b x18d9i69 x1c1uobl x1hl2dhg x16tdsg8 x1vvkbs x3nfvp2 x1j61x8r x1fcty0u xdj266r xat24cr xm2jcoa x1mpyi22 xxymvpz xlup9mm x1kky2od\">&#8211; <\/span>Dr. Carlos Figueroa<\/div>\n<div dir=\"auto\"><span class=\"html-span xexx8yu xyri2b x18d9i69 x1c1uobl x1hl2dhg x16tdsg8 x1vvkbs x3nfvp2 x1j61x8r x1fcty0u xdj266r xat24cr xm2jcoa x1mpyi22 xxymvpz xlup9mm x1kky2od\">&#8211; <\/span>Dr. Ingo Dreyer<\/div>\n<div dir=\"auto\"><span class=\"html-span xexx8yu xyri2b x18d9i69 x1c1uobl x1hl2dhg x16tdsg8 x1vvkbs x3nfvp2 x1j61x8r x1fcty0u xdj266r xat24cr xm2jcoa x1mpyi22 xxymvpz xlup9mm x1kky2od\">&#8211; <\/span>Dr. Blas Lavandero<\/div>\n<div dir=\"auto\"><\/div>\n<\/div>\n<div class=\"x14z9mp xat24cr x1lziwak x1vvkbs xtlvy1s x126k92a\">\n<div dir=\"auto\">\u201cEs un gran hito institucional haber alcanzado nuestro n\u00famero m\u00e1s alto de adjudicaciones en el concurso Fondecyt Regular desde la creaci\u00f3n de este instrumento. Este resultado hist\u00f3rico no solo nos posiciona este a\u00f1o en el quinto lugar a nivel nacional, sino que consolida a la Universidad de Talca tanto en volumen como en tasa de \u00e9xito\u201d, expres\u00f3 el rector (s), Rodrigo Palomo V\u00e9lez. (<strong>V\u00eda:\u00a0<span class=\"html-span xdj266r x14z9mp xat24cr x1lziwak xexx8yu xyri2b x18d9i69 x1c1uobl x1hl2dhg x16tdsg8 x1vvkbs\"><a class=\"x1i10hfl xjbqb8w x1ejq31n x18oe1m7 x1sy0etr xstzfhl x972fbf x10w94by x1qhh985 x14e42zd x9f619 x1ypdohk xt0psk2 x3ct3a4 xdj266r x14z9mp xat24cr x1lziwak xexx8yu xyri2b x18d9i69 x1c1uobl x16tdsg8 x1hl2dhg xggy1nq x1a2a7pz xkrqix3 x1sur9pj x1fey0fg x1s688f\" tabindex=\"0\" role=\"link\" href=\"https:\/\/l.facebook.com\/l.php?u=https%3A%2F%2Fwww.utalca.cl%2Fnoticias%2Futalca-alcanzo-historica-adjudicacion-de-proyectos-fondecyt-regular%2F%3Ffbclid%3DIwZXh0bgNhZW0CMTAAYnJpZBExZDVpcW1WUEVTdXl0eG9KMnNydGMGYXBwX2lkEDIyMjAzOTE3ODgyMDA4OTIAAR7rEOz56Nvtlvqrsblj0k-RpAWNVWb-nyF9aURrFEKIOOnz5DQR0V2JrHM3Jw_aem_qPOqnjS_KfUZ5hS89-1Sdw&amp;h=AT1d7Jcd2lElSCa97C_b3ljdimt-kocB0wYp730_rl9JCrxbK_y6MRi6PsfcObgLwHDOsbvcW_0ApH5n511bifz6rJd6HV6pjm0jG7HxodwwuEWStMgknOUfDnv5grIh6ovY9JdPW7N8cA&amp;__tn__=-UK-R&amp;c[0]=AT3XaG7iTxFtlbJRk4VdHGLsrU3ls0ndV5tzLOhBUkPzP_0cXZ0mQyX29WEaa3nnynlksfNtsfdJPozSWCjWwNJhU6T0cq80s8sbZzKmcCxGmnJ3UL4ZTug5b3T6Rl6cxrhnkluMjT8x0yZjTHd6HY9KABSM2CQqTqvzTp4qOIcx8vyP-Z_42s7_BiVLQSeinGsHa5ecgPa8ok7doGJyR4lOvw\" target=\"_blank\" rel=\"nofollow noopener\">https:\/\/www.utalca.cl\/&#8230;\/utalca-alcanzo-historica&#8230;\/<\/a><\/span><\/strong>)<\/div>\n<\/div>\n","protected":false},"excerpt":{"rendered":"<p>Felicitamos y destacamos a los acad\u00e9micos del programa de Doctorado [&hellip;]<\/p>\n","protected":false},"author":4,"featured_media":2735,"comment_status":"open","ping_status":"open","sticky":false,"template":"","format":"standard","meta":[],"categories":[4],"tags":[],"_links":{"self":[{"href":"https:\/\/www.dbvb.utalca.cl\/dbvb\/index.php?rest_route=\/wp\/v2\/posts\/2734"}],"collection":[{"href":"https:\/\/www.dbvb.utalca.cl\/dbvb\/index.php?rest_route=\/wp\/v2\/posts"}],"about":[{"href":"https:\/\/www.dbvb.utalca.cl\/dbvb\/index.php?rest_route=\/wp\/v2\/types\/post"}],"author":[{"embeddable":true,"href":"https:\/\/www.dbvb.utalca.cl\/dbvb\/index.php?rest_route=\/wp\/v2\/users\/4"}],"replies":[{"embeddable":true,"href":"https:\/\/www.dbvb.utalca.cl\/dbvb\/index.php?rest_route=%2Fwp%2Fv2%2Fcomments&post=2734"}],"version-history":[{"count":2,"href":"https:\/\/www.dbvb.utalca.cl\/dbvb\/index.php?rest_route=\/wp\/v2\/posts\/2734\/revisions"}],"predecessor-version":[{"id":2737,"href":"https:\/\/www.dbvb.utalca.cl\/dbvb\/index.php?rest_route=\/wp\/v2\/posts\/2734\/revisions\/2737"}],"wp:featuredmedia":[{"embeddable":true,"href":"https:\/\/www.dbvb.utalca.cl\/dbvb\/index.php?rest_route=\/wp\/v2\/media\/2735"}],"wp:attachment":[{"href":"https:\/\/www.dbvb.utalca.cl\/dbvb\/index.php?rest_route=%2Fwp%2Fv2%2Fmedia&parent=2734"}],"wp:term":[{"taxonomy":"category","embeddable":true,"href":"https:\/\/www.dbvb.utalca.cl\/dbvb\/index.php?rest_route=%2Fwp%2Fv2%2Fcategories&post=2734"},{"taxonomy":"post_tag","embeddable":true,"href":"https:\/\/www.dbvb.utalca.cl\/dbvb\/index.php?rest_route=%2Fwp%2Fv2%2Ftags&post=2734"}],"curies":[{"name":"wp","href":"https:\/\/api.w.org\/{rel}","templated":true}]}}